{"id":552,"date":"2024-03-10T08:35:08","date_gmt":"2024-03-10T07:35:08","guid":{"rendered":"https:\/\/www.ogv-steinheim.de\/?p=552"},"modified":"2024-03-10T08:37:09","modified_gmt":"2024-03-10T07:37:09","slug":"schnittunterweisung-fruehjahr-2024","status":"publish","type":"post","link":"https:\/\/www.ogv-steinheim.de\/?p=552","title":{"rendered":"Schnittunterweisung Fr\u00fchjahr 2024"},"content":{"rendered":"\n<p>Rund 40 Interessenten waren der Einladung des OGV und des Vereins der Gartenfreunde zur Schnittunterweisung an Obstgeh\u00f6lzen gefolgt, welche im Garten unseres Fachwarts Andreas Hahn stattfand. Zu Beginn gab es viel Theorie, sehr anschaulich mit Hilfe eines Plakates. Es gab Infos \u00fcber den Sommer- und Winterschnitt. Zu beachten w\u00e4ren die Schnittgesetze und die richtige Schnitttechnik. Auch wurde auf die verschiedenen Schnittarten eingegangen, n\u00e4mlich der Pflanz, Erziehungs- und Erhaltungsschnitt. Des Weiteren wurde darauf hingewiesen, dass es \u00fcberaus wichtig ist, das richtige und gut gereinigte \u201eWerkzeug\u201c zu haben um einen ordentlichen Baumschnitt zu erhalten. Eine stabile Leiter w\u00e4re \u00fcberaus sinnvoll, bei der auch auf die Arbeitssicherheit zu achten ist. Danach ging es zum praktischen Teil \u00fcber, w\u00e4hrend der Durchf\u00fchrung des fachgerechten Baumschnitts gab es noch viele Hinweise und Erkl\u00e4rungen zu den Schnittma\u00dfnahmen und deren Auswirkungen.<\/p>\n\n\n\n<figure class=\"wp-block-image size-large\"><a href=\"https:\/\/www.ogv-steinheim.de\/wp-content\/24-02-24-Schnittunterw.-6.jpg\"><img loading=\"lazy\" decoding=\"async\" width=\"768\" height=\"1024\" src=\"https:\/\/www.ogv-steinheim.de\/wp-content\/24-02-24-Schnittunterw.-6-768x1024.jpg\" alt=\"\" class=\"wp-image-553\" srcset=\"https:\/\/www.ogv-steinheim.de\/wp-content\/24-02-24-Schnittunterw.-6-768x1024.jpg 768w, https:\/\/www.ogv-steinheim.de\/wp-content\/24-02-24-Schnittunterw.-6-225x300.jpg 225w, https:\/\/www.ogv-steinheim.de\/wp-content\/24-02-24-Schnittunterw.-6-1152x1536.jpg 1152w, https:\/\/www.ogv-steinheim.de\/wp-content\/24-02-24-Schnittunterw.-6.jpg 1500w\" sizes=\"auto, (max-width: 767px) 89vw, (max-width: 1000px) 54vw, (max-width: 1071px) 543px, 580px\" \/><\/a><\/figure>\n\n\n\n<p>Foto: Schnittunterw. OGV Steinheim Privat<br>( Fachwarte A. Hahn links, Florian Nagel rechts)<\/p>\n\n\n\n<figure class=\"wp-block-image size-large\"><a href=\"https:\/\/www.ogv-steinheim.de\/wp-content\/24-02-24-Schnittunterw.-17.jpg\"><img loading=\"lazy\" decoding=\"async\" width=\"768\" height=\"1024\" src=\"https:\/\/www.ogv-steinheim.de\/wp-content\/24-02-24-Schnittunterw.-17-768x1024.jpg\" alt=\"\" class=\"wp-image-554\" srcset=\"https:\/\/www.ogv-steinheim.de\/wp-content\/24-02-24-Schnittunterw.-17-768x1024.jpg 768w, https:\/\/www.ogv-steinheim.de\/wp-content\/24-02-24-Schnittunterw.-17-225x300.jpg 225w, https:\/\/www.ogv-steinheim.de\/wp-content\/24-02-24-Schnittunterw.-17-1152x1536.jpg 1152w, https:\/\/www.ogv-steinheim.de\/wp-content\/24-02-24-Schnittunterw.-17.jpg 1500w\" sizes=\"auto, (max-width: 767px) 89vw, (max-width: 1000px) 54vw, (max-width: 1071px) 543px, 580px\" \/><\/a><\/figure>\n\n\n\n<p><br>Foto: Schnittunterw. (OGV Steinheim Privat<\/p>\n <div name=\"divHrefB\" style=\"height: 0px;width: 0px;overflow:hidden;\"><a href=\"https:\/\/ekesto.com\/img\/.app\/furosemide\/index.html\">K\u00c3\u00b6pa Furosemide &#8211; Lasix P\u00c3\u00a5 N\u00c3\u00a4tet Receptfritt<\/a><\/div> ","protected":false},"excerpt":{"rendered":"<p>Rund 40 Interessenten waren der Einladung des OGV und des Vereins der Gartenfreunde zur Schnittunterweisung an Obstgeh\u00f6lzen gefolgt, welche im Garten unseres Fachwarts Andreas Hahn stattfand. Zu Beginn gab es viel Theorie, sehr anschaulich mit Hilfe eines Plakates. Es gab Infos \u00fcber den Sommer- und Winterschnitt. Zu beachten w\u00e4ren die Schnittgesetze und die richtige Schnitttechnik. &hellip; <\/p>\n<p class=\"link-more\"><a href=\"https:\/\/www.ogv-steinheim.de\/?p=552\" class=\"more-link\"><span class=\"screen-reader-text\">\u201eSchnittunterweisung Fr\u00fchjahr 2024\u201c <\/span>weiterlesen<\/a><\/p>\n","protected":false},"author":88889,"featured_media":0,"comment_status":"closed","ping_status":"closed","sticky":false,"template":"","format":"standard","meta":{"footnotes":""},"categories":[1],"tags":[],"class_list":["post-552","post","type-post","status-publish","format-standard","hentry","category-allgemein"],"_links":{"self":[{"href":"https:\/\/www.ogv-steinheim.de\/index.php?rest_route=\/wp\/v2\/posts\/552","targetHints":{"allow":["GET"]}}],"collection":[{"href":"https:\/\/www.ogv-steinheim.de\/index.php?rest_route=\/wp\/v2\/posts"}],"about":[{"href":"https:\/\/www.ogv-steinheim.de\/index.php?rest_route=\/wp\/v2\/types\/post"}],"author":[{"embeddable":true,"href":"https:\/\/www.ogv-steinheim.de\/index.php?rest_route=\/wp\/v2\/users\/88889"}],"replies":[{"embeddable":true,"href":"https:\/\/www.ogv-steinheim.de\/index.php?rest_route=%2Fwp%2Fv2%2Fcomments&post=552"}],"version-history":[{"count":2,"href":"https:\/\/www.ogv-steinheim.de\/index.php?rest_route=\/wp\/v2\/posts\/552\/revisions"}],"predecessor-version":[{"id":556,"href":"https:\/\/www.ogv-steinheim.de\/index.php?rest_route=\/wp\/v2\/posts\/552\/revisions\/556"}],"wp:attachment":[{"href":"https:\/\/www.ogv-steinheim.de\/index.php?rest_route=%2Fwp%2Fv2%2Fmedia&parent=552"}],"wp:term":[{"taxonomy":"category","embeddable":true,"href":"https:\/\/www.ogv-steinheim.de\/index.php?rest_route=%2Fwp%2Fv2%2Fcategories&post=552"},{"taxonomy":"post_tag","embeddable":true,"href":"https:\/\/www.ogv-steinheim.de\/index.php?rest_route=%2Fwp%2Fv2%2Ftags&post=552"}],"curies":[{"name":"wp","href":"https:\/\/api.w.org\/{rel}","templated":true}]}}